[{"@context":"https:\/\/schema.org\/","@type":"Article","@id":"https:\/\/www.krastr.cz\/tradicni-motivy-jsou-take-zadane\/#Article","mainEntityOfPage":"https:\/\/www.krastr.cz\/tradicni-motivy-jsou-take-zadane\/","headline":"Tradi\u010dn\u00ed motivy jsou tak\u00e9 \u017e\u00e1dan\u00e9","name":"Tradi\u010dn\u00ed motivy jsou tak\u00e9 \u017e\u00e1dan\u00e9","description":"Velkolep\u00e9 vodop\u00e1dy, lu\u010dn\u00ed kv\u011bty vl\u010d\u00edch m\u00e1k\u016f, srdcov\u00e9 vzory, barevn\u00e9 list\u00ed, pestr\u00e1 p\u0159\u00edroda, co uklid\u0148uje, tajemn\u00e1 v\u016fn\u011b dalek\u00e9ho orientu, bl\u00fdskaj\u00edc\u00ed se obloha, mot\u00fdlci, beru\u0161ky a rybi\u010dky, klasika, kter\u00e1 je st\u00e1le v kurzu. S ka\u017ed\u00fdm obrazem na st\u011bnu, a\u0165 v\u00e1s zaujme v jak\u00e9koli barv\u011b a rozm\u011bru se budete uklid\u0148ovat a t\u011b\u0161it. \u010cern\u00e1 s b\u00edlou se dopl\u0148uj\u00ed Sv\u011btov\u011b [&hellip;]","datePublished":"2025-04-26","dateModified":"2025-04-26","author":{"@type":"Person","@id":"https:\/\/www.krastr.cz\/author\/#Person","name":"","url":"https:\/\/www.krastr.cz\/author\/","identifier":1,"image":{"@type":"ImageObject","@id":"https:\/\/secure.gravatar.com\/avatar\/4860d213c5bedfa07ff2b166ff7b069759f9dbf79eae813578c75f9f8cb939b7?s=96&d=mm&r=g","url":"https:\/\/secure.gravatar.com\/avatar\/4860d213c5bedfa07ff2b166ff7b069759f9dbf79eae813578c75f9f8cb939b7?s=96&d=mm&r=g","height":96,"width":96}},"publisher":{"@type":"Organization","name":"krastr.cz","logo":{"@type":"ImageObject","@id":"\/logo.png","url":"\/logo.png","width":600,"height":60}},"url":"https:\/\/www.krastr.cz\/tradicni-motivy-jsou-take-zadane\/","wordCount":160,"articleBody":"Velkolep\u00e9 vodop\u00e1dy, lu\u010dn\u00ed kv\u011bty vl\u010d\u00edch m\u00e1k\u016f, srdcov\u00e9 vzory, barevn\u00e9 list\u00ed, pestr\u00e1 p\u0159\u00edroda, co uklid\u0148uje, tajemn\u00e1 v\u016fn\u011b dalek\u00e9ho orientu, bl\u00fdskaj\u00edc\u00ed se obloha, mot\u00fdlci, beru\u0161ky a rybi\u010dky, klasika, kter\u00e1 je st\u00e1le v kurzu. S ka\u017ed\u00fdm obrazem na st\u011bnu, a\u0165 v\u00e1s zaujme v jak\u00e9koli barv\u011b a rozm\u011bru se budete uklid\u0148ovat a t\u011b\u0161it.\u010cern\u00e1 s b\u00edlou se dopl\u0148uj\u00edSv\u011btov\u011b proslul\u00e1 m\u00edsta, ko\u0148sk\u00e9 cvaly, technick\u00e9 divy, zv\u00ed\u0159ec\u00ed motivy vzbuzuj\u00ed jednoduchost okam\u017eiku, kter\u00e1 se vnese do va\u0161\u00ed du\u0161e. Objedn\u00e1n\u00edm obraz\u016f na st\u011bnu se dostanete do jin\u00e9 dimenze. Kdy\u017e kolem nich projdete nebo se zad\u00edv\u00e1te. Obdarujte sv\u00e9 nejbli\u017e\u0161\u00ed p\u0159\u00edjemn\u00fdm a praktick\u00fdm d\u00e1rkem, kter\u00fd stoj\u00ed za to. D\u00e1rkov\u00e9 kup\u00f3ny jsou st\u00e1le k dispozici. A\u0165 se v\u00e1m na divukr\u00e1sn\u00e1 d\u00edla smysln\u011b d\u00edv\u00e1!                                                                                                                                                                                                                                                                                                                                                                                                "},{"@context":"https:\/\/schema.org\/","@type":"BreadcrumbList","itemListElement":[{"@type":"ListItem","position":1,"name":"Tradi\u010dn\u00ed motivy jsou tak\u00e9 \u017e\u00e1dan\u00e9","item":"https:\/\/www.krastr.cz\/tradicni-motivy-jsou-take-zadane\/#breadcrumbitem"}]}]