[{"@context":"https:\/\/schema.org\/","@type":"Blog","@id":"https:\/\/www.krastr.cz#Blog","headline":"Krastr","description":"\nNeslibujeme v\u00e1m \u017e\u00e1dn\u00e9 pov\u011bstn\u00e9 vzdu\u0161n\u00e9 z\u00e1mky ani cokoliv, co posl\u00e9ze nelze vyplnit. To, co se v\u00e1m u n\u00e1s nab\u00edz\u00ed, v\u00e1m bude zaru\u010den\u011b i spln\u011bno.","url":"https:\/\/www.krastr.cz","hasPart":[{"@type":"Article","@id":"https:\/\/www.krastr.cz\/dobrodruzstvi-ktere-si-zamilujete\/","headline":"Dobrodru\u017estv\u00ed, kter\u00e9 si zamilujete","url":"https:\/\/www.krastr.cz\/dobrodruzstvi-ktere-si-zamilujete\/","datePublished":"2025-09-01","dateModified":"2025-09-01","mainEntityOfPage":"https:\/\/www.krastr.cz\/dobrodruzstvi-ktere-si-zamilujete\/","author":{"@type":"Person","@id":"https:\/\/www.krastr.cz\/author\/#Person","name":"","url":"https:\/\/www.krastr.cz\/author\/","identifier":1,"image":{"@type":"ImageObject","@id":"https:\/\/secure.gravatar.com\/avatar\/4860d213c5bedfa07ff2b166ff7b069759f9dbf79eae813578c75f9f8cb939b7?s=96&d=mm&r=g","url":"https:\/\/secure.gravatar.com\/avatar\/4860d213c5bedfa07ff2b166ff7b069759f9dbf79eae813578c75f9f8cb939b7?s=96&d=mm&r=g","height":96,"width":96}},"publisher":{"@type":"Organization","name":"krastr.cz","logo":{"@type":"ImageObject","@id":"\/logo.png","url":"\/logo.png","width":600,"height":60}},"image":null,"wordCount":277,"keywords":null},{"@type":"Article","@id":"https:\/\/www.krastr.cz\/krasne-leto-je-jako-stvorene-pro-konzumaci-teto-pochutiny\/","headline":"Kr\u00e1sn\u00e9 l\u00e9to je jako stvo\u0159en\u00e9 pro konzumaci t\u00e9to pochutiny","url":"https:\/\/www.krastr.cz\/krasne-leto-je-jako-stvorene-pro-konzumaci-teto-pochutiny\/","datePublished":"2025-08-24","dateModified":"2025-08-24","mainEntityOfPage":"https:\/\/www.krastr.cz\/krasne-leto-je-jako-stvorene-pro-konzumaci-teto-pochutiny\/","author":{"@type":"Person","@id":"https:\/\/www.krastr.cz\/author\/#Person","name":"","url":"https:\/\/www.krastr.cz\/author\/","identifier":1,"image":{"@type":"ImageObject","@id":"https:\/\/secure.gravatar.com\/avatar\/4860d213c5bedfa07ff2b166ff7b069759f9dbf79eae813578c75f9f8cb939b7?s=96&d=mm&r=g","url":"https:\/\/secure.gravatar.com\/avatar\/4860d213c5bedfa07ff2b166ff7b069759f9dbf79eae813578c75f9f8cb939b7?s=96&d=mm&r=g","height":96,"width":96}},"publisher":{"@type":"Organization","name":"krastr.cz","logo":{"@type":"ImageObject","@id":"\/logo.png","url":"\/logo.png","width":600,"height":60}},"image":null,"wordCount":192,"keywords":null},{"@type":"Article","@id":"https:\/\/www.krastr.cz\/reklama-pro-vsechny\/","headline":"Reklama pro v\u0161echny","url":"https:\/\/www.krastr.cz\/reklama-pro-vsechny\/","datePublished":"2025-08-18","dateModified":"2025-08-18","mainEntityOfPage":"https:\/\/www.krastr.cz\/reklama-pro-vsechny\/","author":{"@type":"Person","@id":"https:\/\/www.krastr.cz\/author\/#Person","name":"","url":"https:\/\/www.krastr.cz\/author\/","identifier":1,"image":{"@type":"ImageObject","@id":"https:\/\/secure.gravatar.com\/avatar\/4860d213c5bedfa07ff2b166ff7b069759f9dbf79eae813578c75f9f8cb939b7?s=96&d=mm&r=g","url":"https:\/\/secure.gravatar.com\/avatar\/4860d213c5bedfa07ff2b166ff7b069759f9dbf79eae813578c75f9f8cb939b7?s=96&d=mm&r=g","height":96,"width":96}},"publisher":{"@type":"Organization","name":"krastr.cz","logo":{"@type":"ImageObject","@id":"\/logo.png","url":"\/logo.png","width":600,"height":60}},"image":null,"wordCount":209,"keywords":null},{"@type":"Article","@id":"https:\/\/www.krastr.cz\/urcite-se-vam-nezasteskne-po-domaci-posteli\/","headline":"Ur\u010dit\u011b se v\u00e1m nezasteskne po dom\u00e1c\u00ed posteli","url":"https:\/\/www.krastr.cz\/urcite-se-vam-nezasteskne-po-domaci-posteli\/","datePublished":"2025-08-12","dateModified":"2025-08-12","mainEntityOfPage":"https:\/\/www.krastr.cz\/urcite-se-vam-nezasteskne-po-domaci-posteli\/","author":{"@type":"Person","@id":"https:\/\/www.krastr.cz\/author\/#Person","name":"","url":"https:\/\/www.krastr.cz\/author\/","identifier":1,"image":{"@type":"ImageObject","@id":"https:\/\/secure.gravatar.com\/avatar\/4860d213c5bedfa07ff2b166ff7b069759f9dbf79eae813578c75f9f8cb939b7?s=96&d=mm&r=g","url":"https:\/\/secure.gravatar.com\/avatar\/4860d213c5bedfa07ff2b166ff7b069759f9dbf79eae813578c75f9f8cb939b7?s=96&d=mm&r=g","height":96,"width":96}},"publisher":{"@type":"Organization","name":"krastr.cz","logo":{"@type":"ImageObject","@id":"\/logo.png","url":"\/logo.png","width":600,"height":60}},"image":null,"wordCount":191,"keywords":null},{"@type":"Article","@id":"https:\/\/www.krastr.cz\/kolagen-a-starnuti-pleti\/","headline":"Kolagen a st\u00e1rnut\u00ed pleti","url":"https:\/\/www.krastr.cz\/kolagen-a-starnuti-pleti\/","datePublished":"2025-08-09","dateModified":"2025-08-09","mainEntityOfPage":"https:\/\/www.krastr.cz\/kolagen-a-starnuti-pleti\/","author":{"@type":"Person","@id":"https:\/\/www.krastr.cz\/author\/#Person","name":"","url":"https:\/\/www.krastr.cz\/author\/","identifier":1,"image":{"@type":"ImageObject","@id":"https:\/\/secure.gravatar.com\/avatar\/4860d213c5bedfa07ff2b166ff7b069759f9dbf79eae813578c75f9f8cb939b7?s=96&d=mm&r=g","url":"https:\/\/secure.gravatar.com\/avatar\/4860d213c5bedfa07ff2b166ff7b069759f9dbf79eae813578c75f9f8cb939b7?s=96&d=mm&r=g","height":96,"width":96}},"publisher":{"@type":"Organization","name":"krastr.cz","logo":{"@type":"ImageObject","@id":"\/logo.png","url":"\/logo.png","width":600,"height":60}},"image":{"@type":"ImageObject","@id":"https:\/\/www.krastr.cz\/wp-content\/uploads\/mathew-schwartz-8rj4sz9YLCI-unsplash_1.jpg","url":"https:\/\/www.krastr.cz\/wp-content\/uploads\/mathew-schwartz-8rj4sz9YLCI-unsplash_1.jpg","height":0,"width":0},"wordCount":543,"keywords":null},{"@type":"Article","@id":"https:\/\/www.krastr.cz\/jak-vyuzit-prebytky-elektriny-z-fotovoltaiky-naplno\/","headline":"Jak vyu\u017e\u00edt p\u0159ebytky elekt\u0159iny z fotovoltaiky naplno","url":"https:\/\/www.krastr.cz\/jak-vyuzit-prebytky-elektriny-z-fotovoltaiky-naplno\/","datePublished":"2025-08-04","dateModified":"2025-08-04","mainEntityOfPage":"https:\/\/www.krastr.cz\/jak-vyuzit-prebytky-elektriny-z-fotovoltaiky-naplno\/","author":{"@type":"Person","@id":"https:\/\/www.krastr.cz\/author\/#Person","name":"","url":"https:\/\/www.krastr.cz\/author\/","identifier":1,"image":{"@type":"ImageObject","@id":"https:\/\/secure.gravatar.com\/avatar\/4860d213c5bedfa07ff2b166ff7b069759f9dbf79eae813578c75f9f8cb939b7?s=96&d=mm&r=g","url":"https:\/\/secure.gravatar.com\/avatar\/4860d213c5bedfa07ff2b166ff7b069759f9dbf79eae813578c75f9f8cb939b7?s=96&d=mm&r=g","height":96,"width":96}},"publisher":{"@type":"Organization","name":"krastr.cz","logo":{"@type":"ImageObject","@id":"\/logo.png","url":"\/logo.png","width":600,"height":60}},"image":{"@type":"ImageObject","@id":"https:\/\/www.krastr.cz\/wp-content\/uploads\/energie_solarni_FwULHA.jpg","url":"https:\/\/www.krastr.cz\/wp-content\/uploads\/energie_solarni_FwULHA.jpg","height":0,"width":0},"wordCount":520,"keywords":null},{"@type":"Article","@id":"https:\/\/www.krastr.cz\/vse-co-k-tezeni-virtualni-meny-potrebujete\/","headline":"V\u0161e, co k t\u011b\u017een\u00ed virtu\u00e1ln\u00ed m\u011bny pot\u0159ebujete!","url":"https:\/\/www.krastr.cz\/vse-co-k-tezeni-virtualni-meny-potrebujete\/","datePublished":"2025-08-04","dateModified":"2025-08-04","mainEntityOfPage":"https:\/\/www.krastr.cz\/vse-co-k-tezeni-virtualni-meny-potrebujete\/","author":{"@type":"Person","@id":"https:\/\/www.krastr.cz\/author\/#Person","name":"","url":"https:\/\/www.krastr.cz\/author\/","identifier":1,"image":{"@type":"ImageObject","@id":"https:\/\/secure.gravatar.com\/avatar\/4860d213c5bedfa07ff2b166ff7b069759f9dbf79eae813578c75f9f8cb939b7?s=96&d=mm&r=g","url":"https:\/\/secure.gravatar.com\/avatar\/4860d213c5bedfa07ff2b166ff7b069759f9dbf79eae813578c75f9f8cb939b7?s=96&d=mm&r=g","height":96,"width":96}},"publisher":{"@type":"Organization","name":"krastr.cz","logo":{"@type":"ImageObject","@id":"\/logo.png","url":"\/logo.png","width":600,"height":60}},"image":null,"wordCount":218,"keywords":null},{"@type":"Article","@id":"https:\/\/www.krastr.cz\/prezentace-firmy-nebo-sebe-sama\/","headline":"Prezentace firmy nebo sebe sama","url":"https:\/\/www.krastr.cz\/prezentace-firmy-nebo-sebe-sama\/","datePublished":"2025-07-28","dateModified":"2025-07-28","mainEntityOfPage":"https:\/\/www.krastr.cz\/prezentace-firmy-nebo-sebe-sama\/","author":{"@type":"Person","@id":"https:\/\/www.krastr.cz\/author\/#Person","name":"","url":"https:\/\/www.krastr.cz\/author\/","identifier":1,"image":{"@type":"ImageObject","@id":"https:\/\/secure.gravatar.com\/avatar\/4860d213c5bedfa07ff2b166ff7b069759f9dbf79eae813578c75f9f8cb939b7?s=96&d=mm&r=g","url":"https:\/\/secure.gravatar.com\/avatar\/4860d213c5bedfa07ff2b166ff7b069759f9dbf79eae813578c75f9f8cb939b7?s=96&d=mm&r=g","height":96,"width":96}},"publisher":{"@type":"Organization","name":"krastr.cz","logo":{"@type":"ImageObject","@id":"\/logo.png","url":"\/logo.png","width":600,"height":60}},"image":null,"wordCount":202,"keywords":null},{"@type":"Article","@id":"https:\/\/www.krastr.cz\/moderni-design\/","headline":"Modern\u00ed design","url":"https:\/\/www.krastr.cz\/moderni-design\/","datePublished":"2025-07-22","dateModified":"2025-07-22","mainEntityOfPage":"https:\/\/www.krastr.cz\/moderni-design\/","author":{"@type":"Person","@id":"https:\/\/www.krastr.cz\/author\/#Person","name":"","url":"https:\/\/www.krastr.cz\/author\/","identifier":1,"image":{"@type":"ImageObject","@id":"https:\/\/secure.gravatar.com\/avatar\/4860d213c5bedfa07ff2b166ff7b069759f9dbf79eae813578c75f9f8cb939b7?s=96&d=mm&r=g","url":"https:\/\/secure.gravatar.com\/avatar\/4860d213c5bedfa07ff2b166ff7b069759f9dbf79eae813578c75f9f8cb939b7?s=96&d=mm&r=g","height":96,"width":96}},"publisher":{"@type":"Organization","name":"krastr.cz","logo":{"@type":"ImageObject","@id":"\/logo.png","url":"\/logo.png","width":600,"height":60}},"image":null,"wordCount":214,"keywords":null},{"@type":"Article","@id":"https:\/\/www.krastr.cz\/co-dat-krome-zasnubniho-prstenu\/","headline":"Co d\u00e1t krom\u011b z\u00e1snubn\u00edho prstenu?","url":"https:\/\/www.krastr.cz\/co-dat-krome-zasnubniho-prstenu\/","datePublished":"2025-07-17","dateModified":"2025-07-17","mainEntityOfPage":"https:\/\/www.krastr.cz\/co-dat-krome-zasnubniho-prstenu\/","author":{"@type":"Person","@id":"https:\/\/www.krastr.cz\/author\/#Person","name":"","url":"https:\/\/www.krastr.cz\/author\/","identifier":1,"image":{"@type":"ImageObject","@id":"https:\/\/secure.gravatar.com\/avatar\/4860d213c5bedfa07ff2b166ff7b069759f9dbf79eae813578c75f9f8cb939b7?s=96&d=mm&r=g","url":"https:\/\/secure.gravatar.com\/avatar\/4860d213c5bedfa07ff2b166ff7b069759f9dbf79eae813578c75f9f8cb939b7?s=96&d=mm&r=g","height":96,"width":96}},"publisher":{"@type":"Organization","name":"krastr.cz","logo":{"@type":"ImageObject","@id":"\/logo.png","url":"\/logo.png","width":600,"height":60}},"image":null,"wordCount":259,"keywords":null}]},{"@context":"https:\/\/schema.org","@type":"WebSite","@id":"https:\/\/www.krastr.cz\/#website","name":"Krastr","url":"https:\/\/www.krastr.cz","potentialAction":{"@type":"SearchAction","target":"https:\/\/www.krastr.cz\/?s={search_term_string}","query-input":"required name=search_term_string"}}]