[{"@context":"https:\/\/schema.org\/","@type":"Blog","@id":"https:\/\/www.krastr.cz#Blog","headline":"Krastr","description":"\nNeslibujeme v\u00e1m \u017e\u00e1dn\u00e9 pov\u011bstn\u00e9 vzdu\u0161n\u00e9 z\u00e1mky ani cokoliv, co posl\u00e9ze nelze vyplnit. To, co se v\u00e1m u n\u00e1s nab\u00edz\u00ed, v\u00e1m bude zaru\u010den\u011b i spln\u011bno.","url":"https:\/\/www.krastr.cz","hasPart":[{"@type":"Article","@id":"https:\/\/www.krastr.cz\/jakym-zpusobem-se-uroci-dluhopisy\/","headline":"Jak\u00fdm zp\u016fsobem se \u00faro\u010d\u00ed dluhopisy?","url":"https:\/\/www.krastr.cz\/jakym-zpusobem-se-uroci-dluhopisy\/","datePublished":"2026-08-10","dateModified":"2026-08-10","mainEntityOfPage":"https:\/\/www.krastr.cz\/jakym-zpusobem-se-uroci-dluhopisy\/","author":{"@type":"Person","@id":"https:\/\/www.krastr.cz\/author\/#Person","name":"","url":"https:\/\/www.krastr.cz\/author\/","identifier":1,"image":{"@type":"ImageObject","@id":"https:\/\/secure.gravatar.com\/avatar\/4860d213c5bedfa07ff2b166ff7b069759f9dbf79eae813578c75f9f8cb939b7?s=96&d=mm&r=g","url":"https:\/\/secure.gravatar.com\/avatar\/4860d213c5bedfa07ff2b166ff7b069759f9dbf79eae813578c75f9f8cb939b7?s=96&d=mm&r=g","height":96,"width":96}},"publisher":{"@type":"Organization","name":"krastr.cz","logo":{"@type":"ImageObject","@id":"\/logo.png","url":"\/logo.png","width":600,"height":60}},"image":{"@type":"ImageObject","@id":"https:\/\/www.krastr.cz\/wp-content\/uploads\/img_a308377_w2451_t1519468924.jpg","url":"https:\/\/www.krastr.cz\/wp-content\/uploads\/img_a308377_w2451_t1519468924.jpg","height":0,"width":0},"wordCount":506,"keywords":null},{"@type":"Article","@id":"https:\/\/www.krastr.cz\/zpatky-do-byvaleho-tela\/","headline":"Zp\u00e1tky, do b\u00fdval\u00e9ho t\u011bla","url":"https:\/\/www.krastr.cz\/zpatky-do-byvaleho-tela\/","datePublished":"2026-06-23","dateModified":"2023-05-01","mainEntityOfPage":"https:\/\/www.krastr.cz\/zpatky-do-byvaleho-tela\/","author":{"@type":"Person","@id":"https:\/\/www.krastr.cz\/author\/#Person","name":"","url":"https:\/\/www.krastr.cz\/author\/","identifier":1,"image":{"@type":"ImageObject","@id":"https:\/\/secure.gravatar.com\/avatar\/4860d213c5bedfa07ff2b166ff7b069759f9dbf79eae813578c75f9f8cb939b7?s=96&d=mm&r=g","url":"https:\/\/secure.gravatar.com\/avatar\/4860d213c5bedfa07ff2b166ff7b069759f9dbf79eae813578c75f9f8cb939b7?s=96&d=mm&r=g","height":96,"width":96}},"publisher":{"@type":"Organization","name":"krastr.cz","logo":{"@type":"ImageObject","@id":"\/logo.png","url":"\/logo.png","width":600,"height":60}},"image":{"@type":"ImageObject","@id":"https:\/\/www.krastr.cz\/wp-content\/uploads\/art280913_3x2_20260617_183133_5tzGx3.jpg","url":"https:\/\/www.krastr.cz\/wp-content\/uploads\/art280913_3x2_20260617_183133_5tzGx3.jpg","height":0,"width":0},"wordCount":586,"keywords":null},{"@type":"Article","@id":"https:\/\/www.krastr.cz\/moderni-plastova-okna-v-kraji-rozhleden\/","headline":"Modern\u00ed plastov\u00e1 okna v kraji rozhleden","url":"https:\/\/www.krastr.cz\/moderni-plastova-okna-v-kraji-rozhleden\/","datePublished":"2026-06-17","dateModified":"2026-06-17","mainEntityOfPage":"https:\/\/www.krastr.cz\/moderni-plastova-okna-v-kraji-rozhleden\/","author":{"@type":"Person","@id":"https:\/\/www.krastr.cz\/author\/#Person","name":"","url":"https:\/\/www.krastr.cz\/author\/","identifier":1,"image":{"@type":"ImageObject","@id":"https:\/\/secure.gravatar.com\/avatar\/4860d213c5bedfa07ff2b166ff7b069759f9dbf79eae813578c75f9f8cb939b7?s=96&d=mm&r=g","url":"https:\/\/secure.gravatar.com\/avatar\/4860d213c5bedfa07ff2b166ff7b069759f9dbf79eae813578c75f9f8cb939b7?s=96&d=mm&r=g","height":96,"width":96}},"publisher":{"@type":"Organization","name":"krastr.cz","logo":{"@type":"ImageObject","@id":"\/logo.png","url":"\/logo.png","width":600,"height":60}},"image":{"@type":"ImageObject","@id":"https:\/\/www.krastr.cz\/wp-content\/uploads\/23555986-bedroom-8403139_640.jpg","url":"https:\/\/www.krastr.cz\/wp-content\/uploads\/23555986-bedroom-8403139_640.jpg","height":0,"width":0},"wordCount":534,"keywords":null},{"@type":"Article","@id":"https:\/\/www.krastr.cz\/kvalitni-antigenni-testy-pro-vsechny\/","headline":"Kvalitn\u00ed antigenn\u00ed testy pro v\u0161echny","url":"https:\/\/www.krastr.cz\/kvalitni-antigenni-testy-pro-vsechny\/","datePublished":"2026-06-17","dateModified":"2026-06-17","mainEntityOfPage":"https:\/\/www.krastr.cz\/kvalitni-antigenni-testy-pro-vsechny\/","author":{"@type":"Person","@id":"https:\/\/www.krastr.cz\/author\/#Person","name":"","url":"https:\/\/www.krastr.cz\/author\/","identifier":1,"image":{"@type":"ImageObject","@id":"https:\/\/secure.gravatar.com\/avatar\/4860d213c5bedfa07ff2b166ff7b069759f9dbf79eae813578c75f9f8cb939b7?s=96&d=mm&r=g","url":"https:\/\/secure.gravatar.com\/avatar\/4860d213c5bedfa07ff2b166ff7b069759f9dbf79eae813578c75f9f8cb939b7?s=96&d=mm&r=g","height":96,"width":96}},"publisher":{"@type":"Organization","name":"krastr.cz","logo":{"@type":"ImageObject","@id":"\/logo.png","url":"\/logo.png","width":600,"height":60}},"image":{"@type":"ImageObject","@id":"https:\/\/www.krastr.cz\/wp-content\/uploads\/artpolka-covid-4941846_640.png","url":"https:\/\/www.krastr.cz\/wp-content\/uploads\/artpolka-covid-4941846_640.png","height":0,"width":0},"wordCount":494,"keywords":null},{"@type":"Article","@id":"https:\/\/www.krastr.cz\/hmyz-muze-byt-na-obtiz\/","headline":"Hmyz m\u016f\u017ee b\u00fdt na obt\u00ed\u017e","url":"https:\/\/www.krastr.cz\/hmyz-muze-byt-na-obtiz\/","datePublished":"2026-04-06","dateModified":"2026-04-06","mainEntityOfPage":"https:\/\/www.krastr.cz\/hmyz-muze-byt-na-obtiz\/","author":{"@type":"Person","@id":"https:\/\/www.krastr.cz\/author\/#Person","name":"","url":"https:\/\/www.krastr.cz\/author\/","identifier":1,"image":{"@type":"ImageObject","@id":"https:\/\/secure.gravatar.com\/avatar\/4860d213c5bedfa07ff2b166ff7b069759f9dbf79eae813578c75f9f8cb939b7?s=96&d=mm&r=g","url":"https:\/\/secure.gravatar.com\/avatar\/4860d213c5bedfa07ff2b166ff7b069759f9dbf79eae813578c75f9f8cb939b7?s=96&d=mm&r=g","height":96,"width":96}},"publisher":{"@type":"Organization","name":"krastr.cz","logo":{"@type":"ImageObject","@id":"\/logo.png","url":"\/logo.png","width":600,"height":60}},"image":{"@type":"ImageObject","@id":"https:\/\/www.krastr.cz\/wp-content\/uploads\/blecha1.png","url":"https:\/\/www.krastr.cz\/wp-content\/uploads\/blecha1.png","height":0,"width":0},"wordCount":607,"keywords":null},{"@type":"Article","@id":"https:\/\/www.krastr.cz\/nove-zabradli-na-balkone\/","headline":"Nov\u00e9 z\u00e1bradl\u00ed na balkon\u011b","url":"https:\/\/www.krastr.cz\/nove-zabradli-na-balkone\/","datePublished":"2026-01-23","dateModified":"2026-01-23","mainEntityOfPage":"https:\/\/www.krastr.cz\/nove-zabradli-na-balkone\/","author":{"@type":"Person","@id":"https:\/\/www.krastr.cz\/author\/#Person","name":"","url":"https:\/\/www.krastr.cz\/author\/","identifier":1,"image":{"@type":"ImageObject","@id":"https:\/\/secure.gravatar.com\/avatar\/4860d213c5bedfa07ff2b166ff7b069759f9dbf79eae813578c75f9f8cb939b7?s=96&d=mm&r=g","url":"https:\/\/secure.gravatar.com\/avatar\/4860d213c5bedfa07ff2b166ff7b069759f9dbf79eae813578c75f9f8cb939b7?s=96&d=mm&r=g","height":96,"width":96}},"publisher":{"@type":"Organization","name":"krastr.cz","logo":{"@type":"ImageObject","@id":"\/logo.png","url":"\/logo.png","width":600,"height":60}},"image":{"@type":"ImageObject","@id":"https:\/\/www.krastr.cz\/wp-content\/uploads\/thanh_tung-building-7077718_640_1.jpg","url":"https:\/\/www.krastr.cz\/wp-content\/uploads\/thanh_tung-building-7077718_640_1.jpg","height":0,"width":0},"wordCount":531,"keywords":null},{"@type":"Article","@id":"https:\/\/www.krastr.cz\/stehovani-zcasti-svepomoci-a-castecne-se-stehovaky\/","headline":"St\u011bhov\u00e1n\u00ed z\u010d\u00e1sti sv\u00e9pomoc\u00ed a \u010d\u00e1ste\u010dn\u011b se st\u011bhov\u00e1ky","url":"https:\/\/www.krastr.cz\/stehovani-zcasti-svepomoci-a-castecne-se-stehovaky\/","datePublished":"2026-01-19","dateModified":"2026-01-19","mainEntityOfPage":"https:\/\/www.krastr.cz\/stehovani-zcasti-svepomoci-a-castecne-se-stehovaky\/","author":{"@type":"Person","@id":"https:\/\/www.krastr.cz\/author\/#Person","name":"","url":"https:\/\/www.krastr.cz\/author\/","identifier":1,"image":{"@type":"ImageObject","@id":"https:\/\/secure.gravatar.com\/avatar\/4860d213c5bedfa07ff2b166ff7b069759f9dbf79eae813578c75f9f8cb939b7?s=96&d=mm&r=g","url":"https:\/\/secure.gravatar.com\/avatar\/4860d213c5bedfa07ff2b166ff7b069759f9dbf79eae813578c75f9f8cb939b7?s=96&d=mm&r=g","height":96,"width":96}},"publisher":{"@type":"Organization","name":"krastr.cz","logo":{"@type":"ImageObject","@id":"\/logo.png","url":"\/logo.png","width":600,"height":60}},"image":{"@type":"ImageObject","@id":"https:\/\/www.krastr.cz\/wp-content\/uploads\/drvce1-rug-1088557_640.jpg","url":"https:\/\/www.krastr.cz\/wp-content\/uploads\/drvce1-rug-1088557_640.jpg","height":0,"width":0},"wordCount":593,"keywords":null},{"@type":"Article","@id":"https:\/\/www.krastr.cz\/bezpecnost-kolem-domu\/","headline":"Bezpe\u010dnost kolem domu","url":"https:\/\/www.krastr.cz\/bezpecnost-kolem-domu\/","datePublished":"2025-12-09","dateModified":"2025-12-09","mainEntityOfPage":"https:\/\/www.krastr.cz\/bezpecnost-kolem-domu\/","author":{"@type":"Person","@id":"https:\/\/www.krastr.cz\/author\/#Person","name":"","url":"https:\/\/www.krastr.cz\/author\/","identifier":1,"image":{"@type":"ImageObject","@id":"https:\/\/secure.gravatar.com\/avatar\/4860d213c5bedfa07ff2b166ff7b069759f9dbf79eae813578c75f9f8cb939b7?s=96&d=mm&r=g","url":"https:\/\/secure.gravatar.com\/avatar\/4860d213c5bedfa07ff2b166ff7b069759f9dbf79eae813578c75f9f8cb939b7?s=96&d=mm&r=g","height":96,"width":96}},"publisher":{"@type":"Organization","name":"krastr.cz","logo":{"@type":"ImageObject","@id":"\/logo.png","url":"\/logo.png","width":600,"height":60}},"image":{"@type":"ImageObject","@id":"https:\/\/www.krastr.cz\/wp-content\/uploads\/chain-link-fence-7295711_640_2.jpg","url":"https:\/\/www.krastr.cz\/wp-content\/uploads\/chain-link-fence-7295711_640_2.jpg","height":0,"width":0},"wordCount":551,"keywords":null},{"@type":"Article","@id":"https:\/\/www.krastr.cz\/stylove-auto\/","headline":"Stylov\u00e9 auto","url":"https:\/\/www.krastr.cz\/stylove-auto\/","datePublished":"2025-11-09","dateModified":"2025-11-09","mainEntityOfPage":"https:\/\/www.krastr.cz\/stylove-auto\/","author":{"@type":"Person","@id":"https:\/\/www.krastr.cz\/author\/#Person","name":"","url":"https:\/\/www.krastr.cz\/author\/","identifier":1,"image":{"@type":"ImageObject","@id":"https:\/\/secure.gravatar.com\/avatar\/4860d213c5bedfa07ff2b166ff7b069759f9dbf79eae813578c75f9f8cb939b7?s=96&d=mm&r=g","url":"https:\/\/secure.gravatar.com\/avatar\/4860d213c5bedfa07ff2b166ff7b069759f9dbf79eae813578c75f9f8cb939b7?s=96&d=mm&r=g","height":96,"width":96}},"publisher":{"@type":"Organization","name":"krastr.cz","logo":{"@type":"ImageObject","@id":"\/logo.png","url":"\/logo.png","width":600,"height":60}},"image":{"@type":"ImageObject","@id":"https:\/\/www.krastr.cz\/wp-content\/uploads\/IMG_3734_2.jpg","url":"https:\/\/www.krastr.cz\/wp-content\/uploads\/IMG_3734_2.jpg","height":0,"width":0},"wordCount":556,"keywords":null},{"@type":"Article","@id":"https:\/\/www.krastr.cz\/ztratit-abychom-ziskali\/","headline":"Ztratit, abychom z\u00edskali","url":"https:\/\/www.krastr.cz\/ztratit-abychom-ziskali\/","datePublished":"2025-10-11","dateModified":"2025-10-11","mainEntityOfPage":"https:\/\/www.krastr.cz\/ztratit-abychom-ziskali\/","author":{"@type":"Person","@id":"https:\/\/www.krastr.cz\/author\/#Person","name":"","url":"https:\/\/www.krastr.cz\/author\/","identifier":1,"image":{"@type":"ImageObject","@id":"https:\/\/secure.gravatar.com\/avatar\/4860d213c5bedfa07ff2b166ff7b069759f9dbf79eae813578c75f9f8cb939b7?s=96&d=mm&r=g","url":"https:\/\/secure.gravatar.com\/avatar\/4860d213c5bedfa07ff2b166ff7b069759f9dbf79eae813578c75f9f8cb939b7?s=96&d=mm&r=g","height":96,"width":96}},"publisher":{"@type":"Organization","name":"krastr.cz","logo":{"@type":"ImageObject","@id":"\/logo.png","url":"\/logo.png","width":600,"height":60}},"image":{"@type":"ImageObject","@id":"https:\/\/www.krastr.cz\/wp-content\/uploads\/man-9482680_640.jpg","url":"https:\/\/www.krastr.cz\/wp-content\/uploads\/man-9482680_640.jpg","height":0,"width":0},"wordCount":568,"keywords":null}]},{"@context":"https:\/\/schema.org","@type":"WebSite","@id":"https:\/\/www.krastr.cz\/#website","name":"Krastr","url":"https:\/\/www.krastr.cz","potentialAction":{"@type":"SearchAction","target":"https:\/\/www.krastr.cz\/?s={search_term_string}","query-input":"required name=search_term_string"}}]